{"id":9781,"date":"2021-07-28T01:59:16","date_gmt":"2021-07-28T04:59:16","guid":{"rendered":"https:\/\/www.geoperito.com.br\/geoperito\/ead\/?p=9781"},"modified":"2026-01-31T13:30:18","modified_gmt":"2026-01-31T16:30:18","slug":"a-primeira-montanha","status":"publish","type":"post","link":"https:\/\/www.geoperito.com.br\/geoperito\/ead\/a-primeira-montanha\/","title":{"rendered":"A primeira montanha"},"content":{"rendered":"\t\t<div data-elementor-type=\"wp-post\" data-elementor-id=\"9781\" class=\"elementor elementor-9781\">\n\t\t\t\t\t\t<section class=\"elementor-section elementor-top-section elementor-element elementor-element-6cf3c5ee elementor-section-boxed elementor-section-height-default elementor-section-height-default exad-glass-effect-no exad-sticky-section-no\" data-id=\"6cf3c5ee\" data-element_type=\"section\" data-e-type=\"section\">\n\t\t\t\t\t\t<div class=\"elementor-container elementor-column-gap-default\">\n\t\t\t\t\t<div class=\"elementor-column elementor-col-100 elementor-top-column elementor-element elementor-element-25827e26 exad-glass-effect-no exad-sticky-section-no\" data-id=\"25827e26\" data-element_type=\"column\" data-e-type=\"column\">\n\t\t\t<div class=\"elementor-widget-wrap elementor-element-populated\">\n\t\t\t\t\t\t<div class=\"elementor-element elementor-element-6751c877 exad-sticky-section-no exad-glass-effect-no elementor-widget elementor-widget-text-editor\" data-id=\"6751c877\" data-element_type=\"widget\" data-e-type=\"widget\" data-widget_type=\"text-editor.default\">\n\t\t\t\t<div class=\"elementor-widget-container\">\n\t\t\t\t\t\t\t\t\t<p><\/p>\n<p style=\"text-align: justify;\"><span style=\"color: #000000;\"><strong><img fetchpriority=\"high\" decoding=\"async\" class=\" wp-image-5120 alignright\" src=\"https:\/\/www.geoperito.com.br\/geoperito\/ead\/wp-content\/uploads\/2020\/06\/mosaique-300x232.png\" alt=\"\" width=\"344\" height=\"266\" srcset=\"https:\/\/www.geoperito.com.br\/geoperito\/ead\/wp-content\/uploads\/2020\/06\/mosaique-300x232.png 300w, https:\/\/www.geoperito.com.br\/geoperito\/ead\/wp-content\/uploads\/2020\/06\/mosaique-1024x791.png 1024w, https:\/\/www.geoperito.com.br\/geoperito\/ead\/wp-content\/uploads\/2020\/06\/mosaique-768x593.png 768w, https:\/\/www.geoperito.com.br\/geoperito\/ead\/wp-content\/uploads\/2020\/06\/mosaique-1536x1187.png 1536w, https:\/\/www.geoperito.com.br\/geoperito\/ead\/wp-content\/uploads\/2020\/06\/mosaique-520x402.png 520w, https:\/\/www.geoperito.com.br\/geoperito\/ead\/wp-content\/uploads\/2020\/06\/mosaique-740x572.png 740w, https:\/\/www.geoperito.com.br\/geoperito\/ead\/wp-content\/uploads\/2020\/06\/mosaique.png 2000w\" sizes=\"(max-width: 344px) 100vw, 344px\" \/>SUBINDO A MONTANHA <\/strong>\u00e9\u00a0inspirado em algumas fases que eu passei e continuo passando da minha carreira profissional como ge\u00f3grafo, altos e baixos e sempre desafiadora, por isso, gostaria de fazer algo diferente e resolvi contar a minha jornada.Dedico esse site aos meus\u00a0\u00a0colegas de trabalho, estudantes do curso de geografia, peritos, analistas ambientais, metereologistas, professores, cart\u00f3grafos e todos que atuam na \u00e1rea de educa\u00e7\u00e3o e ci\u00eancias ambientais. Lute pelos seus sonhos, desistir nunca, render-se jamais, acredite no imposs\u00edvel e fa\u00e7a a sua parte. Neste pequeno espa\u00e7o deixo a minha inspira\u00e7\u00e3o falar mais alto e come\u00e7o a escrever a minha jornada para o \u201cTopo da Montanha\u201d, portanto, \u201cnasce em meu cora\u00e7\u00e3o Geoperito\u201d.\u00a0\u00a0 Geoperito \u00e9 um site pessoal, aqui voc\u00ea ir\u00e1 encontrar assuntos relacionados com a \u00e1rea de geografia, per\u00edcia ambiental, geotecnlogias dentre outras \u00e1reas correlacioandas com as ci\u00eancias ambientais, essa iniciativa nasceu atrav\u00e9s de experi\u00eancias pessoais e de um trabalho volunt\u00e1rio onde conheci algumas pessoas que de alguma maneira inspiraram-me a criar esse mundo digital e relatar a minha trajet\u00f3ria profissional, parte deste cont\u00e9udo est\u00e1 sendo registrado dia ap\u00f3s dia atrav\u00e9s de esfor\u00e7o pessoal em estudos, projetos, pesquisas e\u00a0\u00a0servi\u00e7os. O campo do ge\u00f3grafo \u00e9 muito extenso e pouco difundido, assim, resolvi relatar tudo que acho pertinente e ao mesmo tempo \u00fatil\u00a0\u00a0para aqueles profissionais que desejam exercer a profiss\u00e3o.<\/span><\/p>\n<p><img decoding=\"async\" class=\"aligncenter wp-image-3584 size-full\" src=\"https:\/\/www.geoperito.com.br\/geoperito\/ead\/wp-content\/uploads\/2020\/02\/Workshop-de-Estamparia.png\" alt=\"\" width=\"2304\" height=\"1728\" srcset=\"https:\/\/www.geoperito.com.br\/geoperito\/ead\/wp-content\/uploads\/2020\/02\/Workshop-de-Estamparia.png 2304w, https:\/\/www.geoperito.com.br\/geoperito\/ead\/wp-content\/uploads\/2020\/02\/Workshop-de-Estamparia-300x225.png 300w, https:\/\/www.geoperito.com.br\/geoperito\/ead\/wp-content\/uploads\/2020\/02\/Workshop-de-Estamparia-1024x768.png 1024w, https:\/\/www.geoperito.com.br\/geoperito\/ead\/wp-content\/uploads\/2020\/02\/Workshop-de-Estamparia-768x576.png 768w, https:\/\/www.geoperito.com.br\/geoperito\/ead\/wp-content\/uploads\/2020\/02\/Workshop-de-Estamparia-1536x1152.png 1536w, https:\/\/www.geoperito.com.br\/geoperito\/ead\/wp-content\/uploads\/2020\/02\/Workshop-de-Estamparia-2048x1536.png 2048w, https:\/\/www.geoperito.com.br\/geoperito\/ead\/wp-content\/uploads\/2020\/02\/Workshop-de-Estamparia-520x390.png 520w, https:\/\/www.geoperito.com.br\/geoperito\/ead\/wp-content\/uploads\/2020\/02\/Workshop-de-Estamparia-740x555.png 740w\" sizes=\"(max-width: 2304px) 100vw, 2304px\" \/><\/p>\n<p class=\"has-text-align-left\" style=\"text-align: justify;\"><span style=\"color: #000000;\">Explorar o mist\u00e9rio que envolve a presen\u00e7a das montanhas na vida humana, ao\u00a0 longo do tempo e dos lugares, \u00e9 tarefa desafiadora em v\u00e1rios aspectos. Seu encanto e impon\u00eancia desafiam as limita\u00e7\u00f5es f\u00edsicas do homem, mas instigam sobretudo sua raz\u00e3o e sensibilidade. Por que para tantas pessoas elas despertam associa\u00e7\u00f5es simb\u00f3licas e at\u00e9 mesmo caracter\u00edsticas sagradas? Porque s\u00e3o tidas como lugares especiais, com uma variada gama de valores, que ultrapassam em muito a simples exist\u00eancia f\u00edsica daquelas formas naturais? Distinguindo-se como formas naturais marcantes na paisagem, as eleva\u00e7\u00f5es rochosas incorporam historicamente um desafio persistente, tanto ao dom\u00ednio quanto ao entendimento humanos. Elas se erguem acima das plan\u00edcies habitadas; s\u00e3o remotas, perigosas e inassimil\u00e1veis \u00e0s necessidades do trabalho di\u00e1rio do homem. Conforme Tuan (1980, p. 81), as montanhas desafiam o controle humano f\u00e1cil:\u00a0s\u00e3o elementos permanentes no mundo do homem, quer ele goste ou n\u00e3o. <img decoding=\"async\" class=\"aligncenter wp-image-17494 size-full\" src=\"https:\/\/www.geoperito.com.br\/geoperito\/ead\/wp-content\/uploads\/2024\/04\/Montagem-de-fotos-familia-natal-incrivel-filme-de-camera-preto-.png\" alt=\"\" width=\"2000\" height=\"1600\" srcset=\"https:\/\/www.geoperito.com.br\/geoperito\/ead\/wp-content\/uploads\/2024\/04\/Montagem-de-fotos-familia-natal-incrivel-filme-de-camera-preto-.png 2000w, https:\/\/www.geoperito.com.br\/geoperito\/ead\/wp-content\/uploads\/2024\/04\/Montagem-de-fotos-familia-natal-incrivel-filme-de-camera-preto--300x240.png 300w, https:\/\/www.geoperito.com.br\/geoperito\/ead\/wp-content\/uploads\/2024\/04\/Montagem-de-fotos-familia-natal-incrivel-filme-de-camera-preto--1024x819.png 1024w, https:\/\/www.geoperito.com.br\/geoperito\/ead\/wp-content\/uploads\/2024\/04\/Montagem-de-fotos-familia-natal-incrivel-filme-de-camera-preto--768x614.png 768w, https:\/\/www.geoperito.com.br\/geoperito\/ead\/wp-content\/uploads\/2024\/04\/Montagem-de-fotos-familia-natal-incrivel-filme-de-camera-preto--1536x1229.png 1536w, https:\/\/www.geoperito.com.br\/geoperito\/ead\/wp-content\/uploads\/2024\/04\/Montagem-de-fotos-familia-natal-incrivel-filme-de-camera-preto--520x416.png 520w, https:\/\/www.geoperito.com.br\/geoperito\/ead\/wp-content\/uploads\/2024\/04\/Montagem-de-fotos-familia-natal-incrivel-filme-de-camera-preto--740x592.png 740w\" sizes=\"(max-width: 2000px) 100vw, 2000px\" \/>As in\u00fameras interpreta\u00e7\u00f5es das pessoas a respeito das montanhas s\u00e3o inspiradas n\u00e3o s\u00f3 por sua imagem f\u00edsica no horizonte, mas tamb\u00e9m por sua imagem simb\u00f3lica, tecida culturalmente ao longo de gera\u00e7\u00f5es. As imagens mentais criadas no cotidiano, sem necessariamente visualiz\u00e1-las ou acess\u00e1-las em atividades esportivas e recreacionais, revelam uma complexidade surpreendente. As representa\u00e7\u00f5es tecidas no universo do chamado senso comum acompanham a transforma\u00e7\u00e3o dos valores est\u00e9ticos e religiosos da sociedade, sendo compostas tamb\u00e9m por outras dimens\u00f5es,<\/span><br \/><span style=\"color: #000000;\">como a tur\u00edstica, a esportiva e a ambiental.\u00a0<\/span><\/p>\n<p>\u00a0<\/p>\n<p><\/p>\n<audio class=\"wp-audio-shortcode\" id=\"audio-9781-1\" autoplay preload=\"none\" style=\"width: 100%;\" controls=\"controls\"><source type=\"audio\/mpeg\" src=\"https:\/\/www.geoperito.com.br\/geoperito\/ead\/wp-content\/uploads\/2021\/08\/meu-audio.mp3?_=1\" \/><a href=\"https:\/\/www.geoperito.com.br\/geoperito\/ead\/wp-content\/uploads\/2021\/08\/meu-audio.mp3\">https:\/\/www.geoperito.com.br\/geoperito\/ead\/wp-content\/uploads\/2021\/08\/meu-audio.mp3<\/a><\/audio>\n<p style=\"text-align: justify;\"><span style=\"color: #000000;\"><em>Eu sei quem sou , sei pra onde vou, sei de onde vim,\u00a0 e sei quem \u00e9 que me colocou, Jesus \u00e9 o jardineiro e as \u00e1rvores somos n\u00f3s, ao som da sua voz, minha alma floresce, frutos nascem, flores crescem, \u00a0Ele entrou na minha casa, ele entrou na minha vida, cuidou de cada folha,\u00a0cuidou de cada galho, fez em terra seca germinar copa bonita, eu sou a semente que n\u00e3o secou no sol , sou a semente que o p\u00e1ssaro n\u00e3o devorou, sou a semente que o espinho n\u00e3o sufocou , Eu sou a \u00e1rvore de bons frutos\u00a0e foi Deus quem me Plantou. \u00a0<\/em> \u00a0 \u00a0<em><strong>Pregador Luo<\/strong><\/em><\/span><\/p>\n<h2>Oportunidades de trabalho<\/h2>\n<ul>\n<li><a href=\"https:\/\/sites.google.com\/view\/triologia-geoperito\/p%C3%A1gina-inicial\" target=\"_blank\" rel=\"noopener\"><img loading=\"lazy\" decoding=\"async\" class=\"alignleft\" src=\"https:\/\/www.geoperito.com.br\/geoperito\/ead\/wp-content\/uploads\/2020\/03\/TRIOLOGIAGEOPERITO-190x300.png\" alt=\"\" width=\"257\" height=\"405\" \/><\/a><\/li>\n<\/ul>\n<p style=\"text-align: justify;\"><span style=\"color: #000000;\">A<\/span> <span style=\"color: #0000ff;\"><strong>TRIOLOGIA<\/strong><\/span>\u00a0 <span style=\"color: #000000;\">\u00e9 indicada profissionais de diversas \u00e1reas como engenheiros, bi\u00f3logos, gestores ambientais, ec\u00f3logos, arquitetos, ge\u00f3grafos, agr\u00f4nomos, etc. O mercado de trabalho para profissionais <strong>peritos judiciais ou extrajudiciais<\/strong> que atuar\u00e3o na produ\u00e7\u00e3o de laudos e pareceres t\u00e9cnicos \u00e9 promissor. A demanda por tais servi\u00e7os aumenta diariamente a curto e m\u00e9dio prazos, principalmente pela retomada da recupera\u00e7\u00e3o econ\u00f4mica brasileira. Assim, a produ\u00e7\u00e3o de laudos e pareceres, seja por interm\u00e9dio de per\u00edcia ambiental ou atrav\u00e9s de consultoria, por exemplo, trata-se de uma \u00f3tima fonte de trabalho tanto a profissionais empregados quanto a profissionais aut\u00f4nomos.<strong>O <\/strong><\/span><\/p>\n<p style=\"text-align: right;\">\u00a0<\/p>\n<h4><strong>\u00a0 \u00a0 \u00a0 \u00a0 \u00a0 \u00a0 \u00a0 \u00a0 \u00a0 \u00a0 \u00a0\u00a0<\/strong><\/h4>\n<h4><strong>\u00a0 \u00a0 <span style=\"color: #000000;\">\u00a0<span style=\"font-size: 12pt;\">TRIOLOGIA GEOPERITO: <\/span><\/span><\/strong><span style=\"font-size: 12pt; color: #000000;\"><strong>A PRIMEIRA MONTANHA &#8230;<\/strong><\/span><\/h4>\n<h4><span style=\"font-size: 12pt; color: #000000;\"><strong>\u00a0 \u00a0 \u00a0 \u00a0 \u00a0 \u00a0 \u00a0 \u00a0 \u00a0 \u00a0 \u00a0 \u00a0 \u00a0 \u00a0 \u00a0 \u00a0LAN\u00c7AMENTO<\/strong><\/span><b><span style=\"font-size: 12pt; color: #000000;\"> EM BREVE!<\/span><a href=\"https:\/\/sites.google.com\/view\/triologia-geoperito\/p%C3%A1gina-inicial\"><img loading=\"lazy\" decoding=\"async\" class=\"alignright\" src=\"https:\/\/www.geoperito.com.br\/geoperito\/ead\/wp-content\/uploads\/2020\/05\/oficialtriologia-300x225.png\" alt=\"\" width=\"414\" height=\"310\" \/><\/a><\/b><\/h4>\n<h5>\u00a0<\/h5>\n<h5>\u00a0<\/h5>\n<p>\u00a0<\/p>\n<h5>\u00a0<\/h5>\n<h5>\u00a0<\/h5>\n<p>\u00a0<\/p>\n<h5 style=\"text-align: center;\"><b>Geoperito \u2013 Olho de Tigre<\/b><br \/><a title=\"Link: http:\/\/www.geoperito.com.br\/\" href=\"http:\/\/www.geoperito.com.br\/\" target=\"\" rel=\"noopener noreferrer\">www.geoperito.com.br<\/a><br \/><a title=\"Link: https:\/\/www.geoperito.com.br\/ead\/\" href=\"http:\/\/www.geoperito.com.br\/geoperito\/ead\/\" target=\"\" rel=\"noopener noreferrer\">www.geoperito.com.br\/geoperito\/ead\/<\/a><br \/>Email: geoperito1@geoperito.com.br<br \/>Contato: (31) 993369149<\/h5>\t\t\t\t\t\t\t\t<\/div>\n\t\t\t\t<\/div>\n\t\t\t\t\t<\/div>\n\t\t<\/div>\n\t\t\t\t\t<\/div>\n\t\t<\/section>\n\t\t\t\t<\/div>\n\t\t","protected":false},"excerpt":{"rendered":"<p>SUBINDO A MONTANHA \u00e9\u00a0inspirado em algumas fases que eu passei e continuo passando da minha carreira profissional como ge\u00f3grafo, altos e baixos e sempre desafiadora, por isso, gostaria de fazer algo diferente e resolvi contar<a class=\"read-more\" href=\"https:\/\/www.geoperito.com.br\/geoperito\/ead\/a-primeira-montanha\/\">Continue reading<\/a><\/p>\n","protected":false},"author":1,"featured_media":14408,"comment_status":"closed","ping_status":"closed","sticky":false,"template":"","format":"standard","meta":{"footnotes":""},"categories":[1],"tags":[],"class_list":["post-9781","post","type-post","status-publish","format-standard","has-post-thumbnail","hentry","category-cursos-de-pericia-ambiental"],"_links":{"self":[{"href":"https:\/\/www.geoperito.com.br\/geoperito\/ead\/wp-json\/wp\/v2\/posts\/9781","targetHints":{"allow":["GET"]}}],"collection":[{"href":"https:\/\/www.geoperito.com.br\/geoperito\/ead\/wp-json\/wp\/v2\/posts"}],"about":[{"href":"https:\/\/www.geoperito.com.br\/geoperito\/ead\/wp-json\/wp\/v2\/types\/post"}],"author":[{"embeddable":true,"href":"https:\/\/www.geoperito.com.br\/geoperito\/ead\/wp-json\/wp\/v2\/users\/1"}],"replies":[{"embeddable":true,"href":"https:\/\/www.geoperito.com.br\/geoperito\/ead\/wp-json\/wp\/v2\/comments?post=9781"}],"version-history":[{"count":0,"href":"https:\/\/www.geoperito.com.br\/geoperito\/ead\/wp-json\/wp\/v2\/posts\/9781\/revisions"}],"wp:featuredmedia":[{"embeddable":true,"href":"https:\/\/www.geoperito.com.br\/geoperito\/ead\/wp-json\/wp\/v2\/media\/14408"}],"wp:attachment":[{"href":"https:\/\/www.geoperito.com.br\/geoperito\/ead\/wp-json\/wp\/v2\/media?parent=9781"}],"wp:term":[{"taxonomy":"category","embeddable":true,"href":"https:\/\/www.geoperito.com.br\/geoperito\/ead\/wp-json\/wp\/v2\/categories?post=9781"},{"taxonomy":"post_tag","embeddable":true,"href":"https:\/\/www.geoperito.com.br\/geoperito\/ead\/wp-json\/wp\/v2\/tags?post=9781"}],"curies":[{"name":"wp","href":"https:\/\/api.w.org\/{rel}","templated":true}]}}