{"id":18472,"date":"2024-11-16T00:08:54","date_gmt":"2024-11-16T03:08:54","guid":{"rendered":"https:\/\/www.geoperito.com.br\/geoperito\/ead\/?p=18472"},"modified":"2024-11-16T00:58:09","modified_gmt":"2024-11-16T03:58:09","slug":"cartografia-dos-sabores","status":"publish","type":"post","link":"https:\/\/www.geoperito.com.br\/geoperito\/ead\/cartografia-dos-sabores\/","title":{"rendered":"Cartografia dos Sabores"},"content":{"rendered":"\t\t<div data-elementor-type=\"wp-post\" data-elementor-id=\"18472\" class=\"elementor elementor-18472\">\n\t\t\t\t<div class=\"elementor-element elementor-element-66e27fb5 e-flex e-con-boxed e-con e-parent\" data-id=\"66e27fb5\" data-element_type=\"container\" data-e-type=\"container\">\n\t\t\t\t\t<div class=\"e-con-inner\">\n\t\t\t\t<div class=\"elementor-element elementor-element-27d00983 exad-sticky-section-no exad-glass-effect-no elementor-widget elementor-widget-text-editor\" data-id=\"27d00983\" data-element_type=\"widget\" data-e-type=\"widget\" data-widget_type=\"text-editor.default\">\n\t\t\t\t<div class=\"elementor-widget-container\">\n\t\t\t\t\t\t\t\t\t<div class=\"flex max-w-full flex-col flex-grow\">\n<div class=\"min-h-8 text-message flex w-full flex-col items-end gap-2 whitespace-normal break-words [.text-message+&amp;]:mt-5\" dir=\"auto\" data-message-author-role=\"assistant\" data-message-id=\"f00557e1-5c4b-4391-a502-7adfeba6da1b\" data-message-model-slug=\"gpt-4o\">\n<div class=\"flex w-full flex-col gap-1 empty:hidden first:pt-[3px]\">\n<div class=\"markdown prose w-full break-words dark:prose-invert light\">\n<h2 style=\"text-align: center;\"><strong>Cartografia dos Sabores: Integra\u00e7\u00e3o entre Agroind\u00fastria, Sustentabilidade e Mapeamento Territorial<img fetchpriority=\"high\" decoding=\"async\" class=\"aligncenter wp-image-16033 size-full\" src=\"https:\/\/www.geoperito.com.br\/geoperito\/ead\/wp-content\/uploads\/2022\/08\/15.png\" alt=\"\" width=\"1280\" height=\"720\" srcset=\"https:\/\/www.geoperito.com.br\/geoperito\/ead\/wp-content\/uploads\/2022\/08\/15.png 1280w, https:\/\/www.geoperito.com.br\/geoperito\/ead\/wp-content\/uploads\/2022\/08\/15-300x169.png 300w, https:\/\/www.geoperito.com.br\/geoperito\/ead\/wp-content\/uploads\/2022\/08\/15-1024x576.png 1024w, https:\/\/www.geoperito.com.br\/geoperito\/ead\/wp-content\/uploads\/2022\/08\/15-768x432.png 768w, https:\/\/www.geoperito.com.br\/geoperito\/ead\/wp-content\/uploads\/2022\/08\/15-520x293.png 520w, https:\/\/www.geoperito.com.br\/geoperito\/ead\/wp-content\/uploads\/2022\/08\/15-740x416.png 740w\" sizes=\"(max-width: 1280px) 100vw, 1280px\" \/><\/strong><\/h2>\n<p>\u00a0<\/p>\n<p style=\"text-align: justify;\">A profissionaliza\u00e7\u00e3o da cadeia produtiva da jabuticaba, liderada pelo projeto da PROBIOMAS com o apoio do Fundo Socioambiental da CAIXA, representa um marco na integra\u00e7\u00e3o entre agroind\u00fastria e cartografia. Com o objetivo de transformar a produ\u00e7\u00e3o de jabuticaba em Sabar\u00e1 e regi\u00e3o metropolitana de Belo Horizonte, o projeto se destaca ao unir inova\u00e7\u00e3o tecnol\u00f3gica, sustentabilidade ambiental e organiza\u00e7\u00e3o territorial em uma \u00fanica iniciativa.<\/p>\n<h3 style=\"text-align: center;\"><strong>A Cadeia Produtiva da Jabuticaba: Potencial e Desafios<\/strong><\/h3>\n<p><img decoding=\"async\" class=\"aligncenter wp-image-17913 size-full\" src=\"https:\/\/www.geoperito.com.br\/geoperito\/ead\/wp-content\/uploads\/2022\/08\/RECOMPOSICAO.png\" alt=\"\" width=\"1156\" height=\"516\" srcset=\"https:\/\/www.geoperito.com.br\/geoperito\/ead\/wp-content\/uploads\/2022\/08\/RECOMPOSICAO.png 1156w, https:\/\/www.geoperito.com.br\/geoperito\/ead\/wp-content\/uploads\/2022\/08\/RECOMPOSICAO-300x134.png 300w, https:\/\/www.geoperito.com.br\/geoperito\/ead\/wp-content\/uploads\/2022\/08\/RECOMPOSICAO-1024x457.png 1024w, https:\/\/www.geoperito.com.br\/geoperito\/ead\/wp-content\/uploads\/2022\/08\/RECOMPOSICAO-768x343.png 768w, https:\/\/www.geoperito.com.br\/geoperito\/ead\/wp-content\/uploads\/2022\/08\/RECOMPOSICAO-520x232.png 520w, https:\/\/www.geoperito.com.br\/geoperito\/ead\/wp-content\/uploads\/2022\/08\/RECOMPOSICAO-740x330.png 740w\" sizes=\"(max-width: 1156px) 100vw, 1156px\" \/><\/p>\n<p style=\"text-align: justify;\">A jabuticaba \u00e9 um dos frutos mais emblem\u00e1ticos do Brasil, mas sua produ\u00e7\u00e3o enfrenta desafios como manejo inadequado, aus\u00eancia de certifica\u00e7\u00e3o, falta de infraestrutura e vulnerabilidade socioecon\u00f4mica dos produtores. O projeto visa profissionalizar essa cadeia produtiva por meio de a\u00e7\u00f5es integradas que abordam desde a melhoria do cultivo at\u00e9 o beneficiamento e a comercializa\u00e7\u00e3o dos produtos derivados.<\/p>\n<p style=\"text-align: justify;\"><strong>Principais a\u00e7\u00f5es do projeto incluem:<\/strong><\/p>\n<ol style=\"text-align: justify;\">\n<li><strong>Implanta\u00e7\u00e3o de agroind\u00fastria compartilhada:<\/strong> Um espa\u00e7o comunit\u00e1rio para o beneficiamento da jabuticaba conforme a legisla\u00e7\u00e3o vigente.<\/li>\n<li><strong>Recomposi\u00e7\u00e3o florestal e sustentabilidade:<\/strong> Plantio de 60.000 mudas\/ano, incluindo 10.000 jabuticabeiras e 50.000 esp\u00e9cies nativas, para recupera\u00e7\u00e3o de \u00e1reas degradadas.<\/li>\n<li><strong>Usina solar fotovoltaica:<\/strong> Capacidade de 75KW para redu\u00e7\u00e3o dos custos de produ\u00e7\u00e3o e incentivo ao uso de energia limpa.<\/li>\n<li><strong>Laborat\u00f3rio de qualidade:<\/strong> An\u00e1lises f\u00edsico-qu\u00edmicas e microbiol\u00f3gicas para garantir a seguran\u00e7a e o padr\u00e3o dos produtos derivados.<\/li>\n<li><strong>Capacita\u00e7\u00e3o de produtores:<\/strong> Envolvimento de 300 produtores diretos e at\u00e9 1.500 benefici\u00e1rios indiretos em pr\u00e1ticas sustent\u00e1veis e inova\u00e7\u00e3o produtiva.<\/li>\n<\/ol>\n<h3 style=\"text-align: center;\"><strong>O Papel da Cartografia no Projeto<\/strong><\/h3>\n<p style=\"text-align: justify;\">A cartografia \u00e9 essencial para o planejamento, execu\u00e7\u00e3o e monitoramento do projeto. O mapeamento geogr\u00e1fico orienta o plantio, identifica \u00e1reas degradadas e viabiliza o monitoramento da recomposi\u00e7\u00e3o florestal, al\u00e9m de embasar decis\u00f5es estrat\u00e9gicas no desenvolvimento agroindustrial.<img decoding=\"async\" class=\"aligncenter wp-image-17661 size-full\" src=\"https:\/\/www.geoperito.com.br\/geoperito\/ead\/wp-content\/uploads\/2024\/05\/rugido-robusto.png\" alt=\"\" width=\"1920\" height=\"1080\" \/><\/p>\n<p>\u00a0<\/p>\n<h4 style=\"text-align: justify;\"><strong>Aplica\u00e7\u00f5es da Cartografia no Projeto:<\/strong><\/h4>\n<ul style=\"text-align: justify;\">\n<li><strong>Mapeamento das \u00e1reas de plantio:<\/strong> Georreferenciamento das \u00e1reas destinadas aos Sistemas Agroflorestais (SAFs) e recomposi\u00e7\u00e3o florestal.<\/li>\n<li><strong>An\u00e1lise espacial da cadeia produtiva:<\/strong> Identifica\u00e7\u00e3o das propriedades participantes e log\u00edstica para transporte e armazenamento.<\/li>\n<li><strong>Monitoramento ambiental:<\/strong> Avalia\u00e7\u00e3o cont\u00ednua da recupera\u00e7\u00e3o da sub-bacia do Ribeir\u00e3o Sabar\u00e1-Caet\u00e9.<\/li>\n<li><strong>Zoneamento agr\u00edcola:<\/strong> Defini\u00e7\u00e3o das melhores condi\u00e7\u00f5es edafoclim\u00e1ticas para a expans\u00e3o dos pomares.<\/li>\n<li><strong>Mapas tem\u00e1ticos:<\/strong> Representa\u00e7\u00e3o da produtividade, \u00e1reas degradadas recuperadas e impacto socioecon\u00f4mico.<\/li>\n<\/ul>\n<p><img loading=\"lazy\" decoding=\"async\" class=\"aligncenter wp-image-17120 size-full\" src=\"https:\/\/www.geoperito.com.br\/geoperito\/ead\/wp-content\/uploads\/2024\/04\/11r.png\" alt=\"\" width=\"1034\" height=\"674\" srcset=\"https:\/\/www.geoperito.com.br\/geoperito\/ead\/wp-content\/uploads\/2024\/04\/11r.png 1034w, https:\/\/www.geoperito.com.br\/geoperito\/ead\/wp-content\/uploads\/2024\/04\/11r-300x196.png 300w, https:\/\/www.geoperito.com.br\/geoperito\/ead\/wp-content\/uploads\/2024\/04\/11r-1024x667.png 1024w, https:\/\/www.geoperito.com.br\/geoperito\/ead\/wp-content\/uploads\/2024\/04\/11r-768x501.png 768w, https:\/\/www.geoperito.com.br\/geoperito\/ead\/wp-content\/uploads\/2024\/04\/11r-520x339.png 520w, https:\/\/www.geoperito.com.br\/geoperito\/ead\/wp-content\/uploads\/2024\/04\/11r-740x482.png 740w\" sizes=\"(max-width: 1034px) 100vw, 1034px\" \/><\/p>\n<h3 style=\"text-align: justify;\"><strong>Integra\u00e7\u00e3o com Agroind\u00fastria e Sustentabilidade<\/strong><\/h3>\n<p style=\"text-align: justify;\">A uni\u00e3o entre cartografia e agroind\u00fastria permite que o territ\u00f3rio seja organizado de forma estrat\u00e9gica, garantindo efici\u00eancia produtiva e sustentabilidade. A agroind\u00fastria compartilhada instalada no projeto n\u00e3o apenas processa a jabuticaba, mas tamb\u00e9m agrega valor \u00e0 produ\u00e7\u00e3o, permitindo que os agricultores familiares alcancem novos mercados e aumentem sua renda.<\/p>\n<p style=\"text-align: justify;\">A sustentabilidade \u00e9 um pilar do projeto. O uso de energia limpa, a recupera\u00e7\u00e3o ambiental de \u00e1reas degradadas e a forma\u00e7\u00e3o de agricultores em pr\u00e1ticas de manejo sustent\u00e1vel destacam o compromisso do projeto com o meio ambiente e a economia local.<\/p>\n<p><img loading=\"lazy\" decoding=\"async\" class=\"aligncenter wp-image-18186 size-full\" src=\"https:\/\/www.geoperito.com.br\/geoperito\/ead\/wp-content\/uploads\/2024\/08\/viveiroprobiomas2.png\" alt=\"\" width=\"916\" height=\"522\" srcset=\"https:\/\/www.geoperito.com.br\/geoperito\/ead\/wp-content\/uploads\/2024\/08\/viveiroprobiomas2.png 916w, https:\/\/www.geoperito.com.br\/geoperito\/ead\/wp-content\/uploads\/2024\/08\/viveiroprobiomas2-300x171.png 300w, https:\/\/www.geoperito.com.br\/geoperito\/ead\/wp-content\/uploads\/2024\/08\/viveiroprobiomas2-768x438.png 768w, https:\/\/www.geoperito.com.br\/geoperito\/ead\/wp-content\/uploads\/2024\/08\/viveiroprobiomas2-520x296.png 520w, https:\/\/www.geoperito.com.br\/geoperito\/ead\/wp-content\/uploads\/2024\/08\/viveiroprobiomas2-740x422.png 740w\" sizes=\"(max-width: 916px) 100vw, 916px\" \/><\/p>\n<h3 style=\"text-align: justify;\"><strong>Educa\u00e7\u00e3o Ambiental e Mobiliza\u00e7\u00e3o Comunit\u00e1ria<\/strong><\/h3>\n<p style=\"text-align: justify;\">O projeto tamb\u00e9m aposta na mobiliza\u00e7\u00e3o comunit\u00e1ria como for\u00e7a motriz para o sucesso. A cria\u00e7\u00e3o de uma plataforma digital para educa\u00e7\u00e3o ambiental, associada \u00e0 capacita\u00e7\u00e3o de agricultores e agentes p\u00fablicos, promove um movimento coletivo que fortalece as pol\u00edticas p\u00fablicas de fiscaliza\u00e7\u00e3o, fomento e orienta\u00e7\u00e3o ambiental.<\/p>\n<p><img loading=\"lazy\" decoding=\"async\" class=\"aligncenter wp-image-18085 size-full\" src=\"https:\/\/www.geoperito.com.br\/geoperito\/ead\/wp-content\/uploads\/2024\/07\/Ads.png\" alt=\"\" width=\"1169\" height=\"662\" srcset=\"https:\/\/www.geoperito.com.br\/geoperito\/ead\/wp-content\/uploads\/2024\/07\/Ads.png 1169w, https:\/\/www.geoperito.com.br\/geoperito\/ead\/wp-content\/uploads\/2024\/07\/Ads-300x170.png 300w, https:\/\/www.geoperito.com.br\/geoperito\/ead\/wp-content\/uploads\/2024\/07\/Ads-1024x580.png 1024w, https:\/\/www.geoperito.com.br\/geoperito\/ead\/wp-content\/uploads\/2024\/07\/Ads-768x435.png 768w, https:\/\/www.geoperito.com.br\/geoperito\/ead\/wp-content\/uploads\/2024\/07\/Ads-520x294.png 520w, https:\/\/www.geoperito.com.br\/geoperito\/ead\/wp-content\/uploads\/2024\/07\/Ads-740x419.png 740w\" sizes=\"(max-width: 1169px) 100vw, 1169px\" \/><\/p>\n<p>\u00a0<\/p>\n<h3 style=\"text-align: justify;\"><strong>Conclus\u00e3o<\/strong><\/h3>\n<p style=\"text-align: justify;\">A &#8220;Cartografia dos Sabores&#8221; \u00e9 um exemplo de como a geografia aplicada pode transformar uma cadeia produtiva. O projeto PROBIOMAS n\u00e3o apenas profissionaliza o cultivo e beneficiamento da jabuticaba, mas tamb\u00e9m demonstra que a integra\u00e7\u00e3o entre tecnologia, sustentabilidade e mobiliza\u00e7\u00e3o territorial \u00e9 capaz de criar um modelo agroindustrial que beneficia o meio ambiente, a economia e a sociedade.<\/p>\n<p style=\"text-align: justify;\">Atrav\u00e9s do mapeamento geogr\u00e1fico, do uso de energia limpa e da forma\u00e7\u00e3o de redes colaborativas, o projeto redefine a rela\u00e7\u00e3o entre territ\u00f3rio e produ\u00e7\u00e3o, oferecendo uma rota inovadora para o desenvolvimento sustent\u00e1vel na regi\u00e3o de Sabar\u00e1 e adjac\u00eancias.<\/p>\n<audio class=\"wp-audio-shortcode\" id=\"audio-18472-1\" autoplay preload=\"none\" style=\"width: 100%;\" controls=\"controls\"><source type=\"audio\/mpeg\" src=\"https:\/\/www.geoperito.com.br\/geoperito\/ead\/wp-content\/uploads\/2024\/11\/cartografia-sabores.mp3?_=1\" \/><a href=\"https:\/\/www.geoperito.com.br\/geoperito\/ead\/wp-content\/uploads\/2024\/11\/cartografia-sabores.mp3\">https:\/\/www.geoperito.com.br\/geoperito\/ead\/wp-content\/uploads\/2024\/11\/cartografia-sabores.mp3<\/a><\/audio>\n<\/div>\n<\/div>\n<\/div>\n<\/div>\n<div class=\"mb-2 flex gap-3 empty:hidden -ml-2\">\n<div class=\"items-center justify-start rounded-xl p-1 flex\">\n<div class=\"flex items-center\">\u00a0<\/div>\n<\/div>\n<\/div>\t\t\t\t\t\t\t\t<\/div>\n\t\t\t\t<\/div>\n\t\t\t\t\t<\/div>\n\t\t\t\t<\/div>\n\t\t\t\t<\/div>\n\t\t","protected":false},"excerpt":{"rendered":"<p>Cartografia dos Sabores: Integra\u00e7\u00e3o entre Agroind\u00fastria, Sustentabilidade e Mapeamento Territorial \u00a0 A profissionaliza\u00e7\u00e3o da cadeia produtiva da jabuticaba, liderada pelo projeto da PROBIOMAS com o apoio do Fundo Socioambiental da CAIXA, representa um marco na<a class=\"read-more\" href=\"https:\/\/www.geoperito.com.br\/geoperito\/ead\/cartografia-dos-sabores\/\">Continue reading<\/a><\/p>\n","protected":false},"author":1,"featured_media":16644,"comment_status":"open","ping_status":"open","sticky":false,"template":"","format":"quote","meta":{"footnotes":""},"categories":[1],"tags":[],"class_list":["post-18472","post","type-post","status-publish","format-quote","has-post-thumbnail","hentry","category-cursos-de-pericia-ambiental","post_format-post-format-quote"],"_links":{"self":[{"href":"https:\/\/www.geoperito.com.br\/geoperito\/ead\/wp-json\/wp\/v2\/posts\/18472","targetHints":{"allow":["GET"]}}],"collection":[{"href":"https:\/\/www.geoperito.com.br\/geoperito\/ead\/wp-json\/wp\/v2\/posts"}],"about":[{"href":"https:\/\/www.geoperito.com.br\/geoperito\/ead\/wp-json\/wp\/v2\/types\/post"}],"author":[{"embeddable":true,"href":"https:\/\/www.geoperito.com.br\/geoperito\/ead\/wp-json\/wp\/v2\/users\/1"}],"replies":[{"embeddable":true,"href":"https:\/\/www.geoperito.com.br\/geoperito\/ead\/wp-json\/wp\/v2\/comments?post=18472"}],"version-history":[{"count":0,"href":"https:\/\/www.geoperito.com.br\/geoperito\/ead\/wp-json\/wp\/v2\/posts\/18472\/revisions"}],"wp:featuredmedia":[{"embeddable":true,"href":"https:\/\/www.geoperito.com.br\/geoperito\/ead\/wp-json\/wp\/v2\/media\/16644"}],"wp:attachment":[{"href":"https:\/\/www.geoperito.com.br\/geoperito\/ead\/wp-json\/wp\/v2\/media?parent=18472"}],"wp:term":[{"taxonomy":"category","embeddable":true,"href":"https:\/\/www.geoperito.com.br\/geoperito\/ead\/wp-json\/wp\/v2\/categories?post=18472"},{"taxonomy":"post_tag","embeddable":true,"href":"https:\/\/www.geoperito.com.br\/geoperito\/ead\/wp-json\/wp\/v2\/tags?post=18472"}],"curies":[{"name":"wp","href":"https:\/\/api.w.org\/{rel}","templated":true}]}}