{"id":10679,"date":"2021-11-14T15:19:37","date_gmt":"2021-11-14T18:19:37","guid":{"rendered":"https:\/\/www.geoperito.com.br\/geoperito\/ead\/?p=10679"},"modified":"2026-01-31T14:06:17","modified_gmt":"2026-01-31T17:06:17","slug":"certificacao-geoambiental-de-bacias-hidrograficas","status":"publish","type":"post","link":"https:\/\/www.geoperito.com.br\/geoperito\/ead\/certificacao-geoambiental-de-bacias-hidrograficas\/","title":{"rendered":"Certifica\u00e7\u00e3o da Qualidade da Produ\u00e7\u00e3o"},"content":{"rendered":"\t\t<div data-elementor-type=\"wp-post\" data-elementor-id=\"10679\" class=\"elementor elementor-10679\">\n\t\t\t\t<div class=\"elementor-element elementor-element-ecb884f e-flex e-con-boxed e-con e-parent\" data-id=\"ecb884f\" data-element_type=\"container\" data-e-type=\"container\">\n\t\t\t\t\t<div class=\"e-con-inner\">\n\t\t\t\t<div class=\"elementor-element elementor-element-17ae401 exad-sticky-section-no exad-glass-effect-no elementor-widget elementor-widget-video\" data-id=\"17ae401\" data-element_type=\"widget\" data-e-type=\"widget\" data-settings=\"{&quot;youtube_url&quot;:&quot;https:\\\/\\\/youtu.be\\\/oAUe4gJMlGI&quot;,&quot;video_type&quot;:&quot;youtube&quot;,&quot;controls&quot;:&quot;yes&quot;}\" data-widget_type=\"video.default\">\n\t\t\t\t<div class=\"elementor-widget-container\">\n\t\t\t\t\t\t\t<div class=\"elementor-wrapper elementor-open-inline\">\n\t\t\t<div class=\"elementor-video\"><\/div>\t\t<\/div>\n\t\t\t\t\t\t<\/div>\n\t\t\t\t<\/div>\n\t\t\t\t\t<\/div>\n\t\t\t\t<\/div>\n\t\t\t\t<section class=\"elementor-section elementor-top-section elementor-element elementor-element-7700873 elementor-section-boxed elementor-section-height-default elementor-section-height-default exad-glass-effect-no exad-sticky-section-no\" data-id=\"7700873\" data-element_type=\"section\" data-e-type=\"section\">\n\t\t\t\t\t\t<div class=\"elementor-container elementor-column-gap-default\">\n\t\t\t\t\t<div class=\"elementor-column elementor-col-100 elementor-top-column elementor-element elementor-element-eedeb72 exad-glass-effect-no exad-sticky-section-no\" data-id=\"eedeb72\" data-element_type=\"column\" data-e-type=\"column\">\n\t\t\t<div class=\"elementor-widget-wrap elementor-element-populated\">\n\t\t\t\t\t\t<div class=\"elementor-element elementor-element-6809c5e exad-sticky-section-no exad-glass-effect-no elementor-widget elementor-widget-text-editor\" data-id=\"6809c5e\" data-element_type=\"widget\" data-e-type=\"widget\" data-widget_type=\"text-editor.default\">\n\t\t\t\t<div class=\"elementor-widget-container\">\n\t\t\t\t\t\t\t\t\t<p style=\"text-align: justify;\"><span style=\"color: #000000;\">Resumo &#8211; Certifica\u00e7\u00e3o da Qualidade da Produ\u00e7\u00e3o \u00e9 um m\u00e9todo inovador, quando se trata de bacias hidrogr\u00e1ficas. Faz parte da <\/span><span style=\"color: #000000;\">Metodologia Geral de Ordenamento Territorial, em que se sugere a substitui\u00e7\u00e3o dos m\u00e9todos do Estudo de Impacto Ambiental\/<\/span><span style=\"color: #000000;\">Relat\u00f3rio de Impacto Ambiental e do Plano Diretor de Recursos H\u00eddricos, com nova vis\u00e3o das Abordagens Inter e Transdisciplinares, <\/span><span style=\"color: #000000;\">com produtos de razo\u00e1vel complexidade, mas amig\u00e1veis, envolvendo ecologia, energia, economia e gest\u00e3o e normas para padroniza\u00e7\u00e3o. <\/span><\/p><p style=\"text-align: justify;\"><span style=\"color: #000000;\">Paulo Pereira Martins Junior 1<\/span><\/p><p style=\"text-align: justify;\"><span style=\"color: #000000;\">1 Ge\u00f3logo, Dr.Sc.T., Prof. Associado IV UFOP &#8211; Escola de Minas &#8211; Depto. Geologia, Ouro Preto, MG, maertyn@gmail.com<\/span><\/p><p style=\"text-align: center;\"><span style=\"color: #000000;\">Palavras-chave: Ordenamento territorial. Certifica\u00e7\u00f5es sist\u00eamicas. Solo. Circula\u00e7\u00e3o h\u00eddrica. Bioma. Erodibilidade. Degrada\u00e7\u00e3o.<\/span><\/p><p><span style=\"color: #000000;\">INTRODU\u00c7\u00c3O<\/span><\/p><p style=\"text-align: justify;\"><span style=\"color: #000000;\">O tema Certifica\u00e7\u00e3o da Qualidade da <\/span><span style=\"color: #000000;\">Produ\u00e7\u00e3o geoambiental e econ\u00f4mica de <\/span><span style=\"color: #000000;\">bacias hidrogr\u00e1ficas e propriedades rurais <\/span><span style=\"color: #000000;\">foi desenvolvido nos anos de 2011 e 2012, <\/span><span style=\"color: #000000;\">no decurso de um projeto que se tratava <\/span><span style=\"color: #000000;\">de gest\u00e3o do conhecimento (MARTINS <\/span><span style=\"color: #000000;\">JUNIOR et al., 2012). A certifica\u00e7\u00e3o da <\/span><span style=\"color: #000000;\">produ\u00e7\u00e3o apresentou-se como quest\u00e3o <\/span><span style=\"color: #000000;\">dentro do tema da gest\u00e3o. Neste caso, a <\/span><span style=\"color: #000000;\">produ\u00e7\u00e3o foi o foco de interesse, um tanto <\/span><span style=\"color: #000000;\">distinto da norma ISO 14.040, em virtude <\/span><span style=\"color: #000000;\">de esta tratar-se da produ\u00e7\u00e3o industrial, <\/span><span style=\"color: #000000;\">e n\u00e3o ter preocupa\u00e7\u00e3o com as fontes das <\/span><span style=\"color: #000000;\">mat\u00e9rias-primas e das bacias hidrogr\u00e1ficas, <\/span><span style=\"color: #000000;\">em particular. <\/span><span style=\"color: #000000;\">De modo coincidente, em Minas Gerais <\/span><span style=\"color: #000000;\">desenvolveram-se o Zoneamento Ambien<\/span><span style=\"color: #000000;\">tal Produtivo (ZAP) (MINAS GERAIS, <\/span><span style=\"color: #000000;\">2016) e a produ\u00e7\u00e3o de Indicadores de Sus<\/span><span style=\"color: #000000;\">tentabilidade Socioecon\u00f4mica e Ambiental\u00a0<\/span><span style=\"color: #000000;\">em Agroecossistemas (FERREIRA et al.,\u00a0 <\/span><span style=\"color: #000000;\">2012). Ambos, posteriormente legislados, <\/span><span style=\"color: #000000;\">Decreto Estadual n 46.650, de 19\/11\/2014 <\/span><span style=\"color: #000000;\">(MINAS GERAIS, 2014), sobre o ZAP, e <\/span><span style=\"color: #000000;\">Decreto no 46.113, de19\/11\/2012 (MINAS <\/span><span style=\"color: #000000;\">GERAIS, 2012), sobre os Indicadores de <\/span><span style=\"color: #000000;\">Sustentabilidade em\u00a0 Agroecossistemas <\/span><span style=\"color: #000000;\">(ISA), assuntos totalmente correlatos \u00e0 <\/span><span style=\"color: #000000;\">certifica\u00e7\u00e3o de bacia. Este tema \u00e9 um ta<\/span><span style=\"color: #000000;\">to estranho aos membros da comunidade <\/span><span style=\"color: #000000;\">das Engenharias e Ci\u00eancias da Natureza. <\/span><span style=\"color: #000000;\">Fica claro que o ZAP e a Certifica\u00e7\u00e3o da <\/span><span style=\"color: #000000;\">Qualidade da Produ\u00e7\u00e3o de muitos modos <\/span><span style=\"color: #000000;\">complementam-se. Neste sentido, entende <\/span><span style=\"color: #000000;\">se que se deva despender esfor\u00e7os de uni<\/span><span style=\"color: #000000;\">fica\u00e7\u00e3o e amplia\u00e7\u00e3o desses m\u00e9todos com o <\/span><span style=\"color: #000000;\">intuito de chegar \u00e0 normatiza\u00e7\u00e3o formal de<\/span><span style=\"color: #000000;\">acordo com a pr\u00f3pria linha normativa da <\/span><span style=\"color: #000000;\">Associa\u00e7\u00e3o Brasileira de Normas T\u00e9cnicas <\/span><span style=\"color: #000000;\">(ABNT). Este artigo \u00e9 uma apresenta\u00e7\u00e3o <\/span><span style=\"color: #000000;\">sucinta do processo de certifica\u00e7\u00e3o desen<\/span><span style=\"color: #000000;\">volvido.<\/span><\/p>\t\t\t\t\t\t\t\t<\/div>\n\t\t\t\t<\/div>\n\t\t\t\t\t<\/div>\n\t\t<\/div>\n\t\t\t\t\t<\/div>\n\t\t<\/section>\n\t\t\t\t<\/div>\n\t\t","protected":false},"excerpt":{"rendered":"<p>https:\/\/youtu.be\/oAUe4gJMlGI Resumo &#8211; Certifica\u00e7\u00e3o da Qualidade da Produ\u00e7\u00e3o \u00e9 um m\u00e9todo inovador, quando se trata de bacias hidrogr\u00e1ficas. Faz parte da Metodologia Geral de Ordenamento Territorial, em que se sugere a substitui\u00e7\u00e3o dos m\u00e9todos do<a class=\"read-more\" href=\"https:\/\/www.geoperito.com.br\/geoperito\/ead\/certificacao-geoambiental-de-bacias-hidrograficas\/\">Continue reading<\/a><\/p>\n","protected":false},"author":1,"featured_media":19856,"comment_status":"closed","ping_status":"closed","sticky":false,"template":"","format":"quote","meta":{"footnotes":""},"categories":[1],"tags":[],"class_list":["post-10679","post","type-post","status-publish","format-quote","has-post-thumbnail","hentry","category-cursos-de-pericia-ambiental","post_format-post-format-quote"],"_links":{"self":[{"href":"https:\/\/www.geoperito.com.br\/geoperito\/ead\/wp-json\/wp\/v2\/posts\/10679","targetHints":{"allow":["GET"]}}],"collection":[{"href":"https:\/\/www.geoperito.com.br\/geoperito\/ead\/wp-json\/wp\/v2\/posts"}],"about":[{"href":"https:\/\/www.geoperito.com.br\/geoperito\/ead\/wp-json\/wp\/v2\/types\/post"}],"author":[{"embeddable":true,"href":"https:\/\/www.geoperito.com.br\/geoperito\/ead\/wp-json\/wp\/v2\/users\/1"}],"replies":[{"embeddable":true,"href":"https:\/\/www.geoperito.com.br\/geoperito\/ead\/wp-json\/wp\/v2\/comments?post=10679"}],"version-history":[{"count":0,"href":"https:\/\/www.geoperito.com.br\/geoperito\/ead\/wp-json\/wp\/v2\/posts\/10679\/revisions"}],"wp:featuredmedia":[{"embeddable":true,"href":"https:\/\/www.geoperito.com.br\/geoperito\/ead\/wp-json\/wp\/v2\/media\/19856"}],"wp:attachment":[{"href":"https:\/\/www.geoperito.com.br\/geoperito\/ead\/wp-json\/wp\/v2\/media?parent=10679"}],"wp:term":[{"taxonomy":"category","embeddable":true,"href":"https:\/\/www.geoperito.com.br\/geoperito\/ead\/wp-json\/wp\/v2\/categories?post=10679"},{"taxonomy":"post_tag","embeddable":true,"href":"https:\/\/www.geoperito.com.br\/geoperito\/ead\/wp-json\/wp\/v2\/tags?post=10679"}],"curies":[{"name":"wp","href":"https:\/\/api.w.org\/{rel}","templated":true}]}}