{"id":1,"date":"2019-02-25T12:32:00","date_gmt":"2019-02-25T15:32:00","guid":{"rendered":"https:\/\/www.geoperito.com.br\/geoperito\/ead\/?p=1"},"modified":"2026-02-27T00:43:02","modified_gmt":"2026-02-27T03:43:02","slug":"ola-perito","status":"publish","type":"post","link":"https:\/\/www.geoperito.com.br\/geoperito\/ead\/ola-perito\/","title":{"rendered":"O que me preocupa n\u00e3o \u00e9 o grito dos maus. \u00c9 o sil\u00eancio dos bons. Martin Luther King"},"content":{"rendered":"\t\t<div data-elementor-type=\"wp-post\" data-elementor-id=\"1\" class=\"elementor elementor-1\">\n\t\t\t\t\t\t<section class=\"elementor-section elementor-top-section elementor-element elementor-element-2bf569f1 elementor-section-boxed elementor-section-height-default elementor-section-height-default exad-glass-effect-no exad-sticky-section-no\" data-id=\"2bf569f1\" data-element_type=\"section\" data-e-type=\"section\">\n\t\t\t\t\t\t<div class=\"elementor-container elementor-column-gap-default\">\n\t\t\t\t\t<div class=\"elementor-column elementor-col-100 elementor-top-column elementor-element elementor-element-e686eff exad-glass-effect-no exad-sticky-section-no\" data-id=\"e686eff\" data-element_type=\"column\" data-e-type=\"column\">\n\t\t\t<div class=\"elementor-widget-wrap elementor-element-populated\">\n\t\t\t\t\t\t<div class=\"elementor-element elementor-element-414af850 exad-sticky-section-no exad-glass-effect-no elementor-widget elementor-widget-text-editor\" data-id=\"414af850\" data-element_type=\"widget\" data-e-type=\"widget\" data-widget_type=\"text-editor.default\">\n\t\t\t\t<div class=\"elementor-widget-container\">\n\t\t\t\t\t\t\t\t\t<p style=\"font-size: 0px; text-align: center;\">Sejam bem vindos ao canal Geoperito\/EAD!<strong><span style=\"color: #003366; font-size: 24pt; font-family: 'book antiqua', palatino, serif;\">QUEM FOI QUE DISSE QUE O GE\u00d3GRAFO N\u00c3O TEM VALOR?<\/span><\/strong><strong><span style=\"color: #003366; font-size: 24pt; font-family: 'book antiqua', palatino, serif;\"><img fetchpriority=\"high\" decoding=\"async\" class=\"aligncenter wp-image-19879\" src=\"https:\/\/www.geoperito.com.br\/geoperito\/ead\/wp-content\/uploads\/2026\/01\/banner-300x53.png\" alt=\"\" width=\"1703\" height=\"298\" srcset=\"https:\/\/www.geoperito.com.br\/geoperito\/ead\/wp-content\/uploads\/2026\/01\/banner-300x53.png 300w, https:\/\/www.geoperito.com.br\/geoperito\/ead\/wp-content\/uploads\/2026\/01\/banner-768x134.png 768w, https:\/\/www.geoperito.com.br\/geoperito\/ead\/wp-content\/uploads\/2026\/01\/banner-520x91.png 520w, https:\/\/www.geoperito.com.br\/geoperito\/ead\/wp-content\/uploads\/2026\/01\/banner-740x130.png 740w, https:\/\/www.geoperito.com.br\/geoperito\/ead\/wp-content\/uploads\/2026\/01\/banner.png 960w\" sizes=\"(max-width: 1703px) 100vw, 1703px\" \/><\/span><\/strong><\/p>\n<p><!-- \/wp:paragraph --><!-- wp:paragraph {\"dropCap\":true} --><\/p>\n<p>\u00a0<\/p>\n<p style=\"text-align: justify;\">Meu nome \u00e9 Cl\u00e1udio D\u00b4 Assun\u00e7\u00e3o Ferreira, brasileiro natural \u00a0de Belo Horizonte,\u00a0\u00a0residente na cidade de Contagem\/MG. A hist\u00f3ria profissional come\u00e7ou a \u00a0se \u00a0desenhar \u00a0ap\u00f3s\u00a0\u00a0experi\u00eancias pessoais em contato com a natureza atrav\u00e9s de viagens, esportes radicais, acampamentos, aprecia\u00e7\u00e3o de culturas diversificadas e manifesta\u00e7\u00f5es art\u00edsticas, dentre elas: a pintura, a dan\u00e7a, a literatura e principalmente a m\u00fasica que me fascina. Essa jornada mais alguns aspectos subjetivos \u00a0levou-me a escolha do curso de Geografia com o intuito de buscar uma compreens\u00e3o mais profunda sobre as civiliza\u00e7\u00f5es do passado, a sociedade contempor\u00e2nea, a economia, o espa\u00e7o geogr\u00e1fico, a pol\u00edtica, as inter-rela\u00e7\u00f5es do homem com a natureza, as quest\u00f5es socioambientais, a cidadania e os valores humanos. Sou Bacharel e Licenciado em Geografia com \u00eanfase em an\u00e1lise ambiental pelo Centro Universit\u00e1rio de Belo Horizonte (2008), P\u00f3s gradua\u00e7\u00e3o em Per\u00edcia, Auditoria e An\u00e1lise ambiental (2014), autor do artigo cient\u00edfico: O perito ambiental x mercado de trabalho, criador do site: www.geoperito.com.br &#8211; Estrat\u00e9gia: Olho de Tigre.<\/p>\n<p>\u00a0<\/p>\n<p><img decoding=\"async\" class=\"aligncenter wp-image-18980 size-full\" src=\"https:\/\/www.geoperito.com.br\/geoperito\/ead\/wp-content\/uploads\/2026\/01\/4343.png\" alt=\"\" width=\"1746\" height=\"503\" srcset=\"https:\/\/www.geoperito.com.br\/geoperito\/ead\/wp-content\/uploads\/2026\/01\/4343.png 1746w, https:\/\/www.geoperito.com.br\/geoperito\/ead\/wp-content\/uploads\/2026\/01\/4343-300x86.png 300w, https:\/\/www.geoperito.com.br\/geoperito\/ead\/wp-content\/uploads\/2026\/01\/4343-1024x295.png 1024w, https:\/\/www.geoperito.com.br\/geoperito\/ead\/wp-content\/uploads\/2026\/01\/4343-768x221.png 768w, https:\/\/www.geoperito.com.br\/geoperito\/ead\/wp-content\/uploads\/2026\/01\/4343-1536x443.png 1536w, https:\/\/www.geoperito.com.br\/geoperito\/ead\/wp-content\/uploads\/2026\/01\/4343-520x150.png 520w, https:\/\/www.geoperito.com.br\/geoperito\/ead\/wp-content\/uploads\/2026\/01\/4343-740x213.png 740w\" sizes=\"(max-width: 1746px) 100vw, 1746px\" \/><\/p>\n<p><strong>Tabela\u00a0 de T\u00edtulos Profissionais Resolu\u00e7\u00e3o Confea 473\u00a0\u00a0<\/strong><\/p>\n<p><strong>C<a href=\"https:\/\/www.geoperito.com.br\/\" target=\"_blank\" rel=\"noopener\"><span style=\"color: #000000;\">od<\/span>.<\/a>161-09-00 &#8211; Grupo:1 &#8211; Engenharia \/ Modalidade: 6 &#8211; Agrimensura \/ N\u00edvel 1:Gradua\u00e7\u00e3o<\/strong><\/p>\n<p style=\"text-align: justify;\"><span style=\"text-align: justify;\">Estudam a organiza\u00e7\u00e3o espacial por meio da interpreta\u00e7\u00e3o e da intera\u00e7\u00e3o dos aspectos f\u00edsicos e humanos; regionalizam o territ\u00f3rio em escalas que variam do local ao global; avaliam os processos de produ\u00e7\u00e3o do espa\u00e7o, subsidiando o ordenamento territorial; participam do planejamento regional, urbano, rural, ambiental e da formula\u00e7\u00e3o de pol\u00edticas de gest\u00e3o do territ\u00f3rio; procedem estudos necess\u00e1rios ao estabelecimento de bases territoriais; emitem laudos e pareceres t\u00e9cnicos; monitoram uso e ocupa\u00e7\u00e3o da terra, vistoriam \u00e1reas em estudo, estudam a press\u00e3o antr\u00f3pica e diagnosticam impactos e tend\u00eancias. <\/span><span style=\"text-align: center;\">\u00a0 \u00a0 \u00a0 \u00a0 \u00a0<\/span><\/p>\n<div>\n<div style=\"text-align: justify;\">Tenho experi\u00eancia na \u00e1rea de Geografia como professor volunt\u00e1rio lecionando no pr\u00e9 vestibular NIC ( N\u00facleo de Incentivo a Cultura) para alunos do ensino m\u00e9dio e EJA, realizei algumas palestras na rede de ensino p\u00fablica estadual, participa\u00e7\u00e3o da 1\u00ba Confer\u00eancia Municipal de Res\u00edduos S\u00f3lidos em Contagem\/MG assessorando o secret\u00e1rio do Meio Ambiente Ivair Soalheiro 2013.Atualmente trabalho como pesquisador independente desenvolvendo pesquisa cient\u00edficas sobre os processos de desenvolvimentos urbanos na regi\u00e3o metropolitana de Belo Horizonte. Fa\u00e7o parte do banco de peritos da Assist\u00eancia Judicial Gratuita do Tribunal de Justi\u00e7a do Estado de Minas Gerais. Pensando\u00a0 no que a internet \u00e9 capaz de realizar remotamente, resolvi\u00a0\u00a0criar um canal de divulga\u00e7\u00e3o, sendo assim,\u00a0 fiz a\u00a0jun\u00e7\u00e3o de duas palavras do vern\u00e1culo, ou seja,\u00a0 Geografia\u00a0 e Perito, formando\u00a0 o \u00e9timo:\u00a0Geoperito, o\u00a0objetivo \u00e9 divulgar tudo o que seja pertinente as \u00e1reas de Geografia e Per\u00edcia ambiental e suas\u00a0 atua\u00e7\u00f5es dentro do mercado brasileiro, para isso \u00e9 necess\u00e1rio manter o foco no alvo \u00a0e continuar a\u00a0 jornada subindo para o &#8220;Topo da\u00a0 Montanha&#8221;. Se almejas algo novo, ent\u00e3o \u00e9 hora de perseverar em suas metas e objetivos, lute pelos seus sonhos e acima de tudo, acredite que \u00e9 possivel, fa\u00e7a acontecer ainda que demore!<\/div>\n<div>\u00a0<\/div>\n<\/div>\n<audio class=\"wp-audio-shortcode\" id=\"audio-1-1\" autoplay preload=\"auto\" style=\"width: 100%;\" controls=\"controls\"><source type=\"audio\/mpeg\" src=\"https:\/\/www.geoperito.com.br\/geoperito\/ead\/wp-content\/uploads\/2020\/10\/Youngblood.mp3?_=1\" \/><a href=\"https:\/\/www.geoperito.com.br\/geoperito\/ead\/wp-content\/uploads\/2020\/10\/Youngblood.mp3\">https:\/\/www.geoperito.com.br\/geoperito\/ead\/wp-content\/uploads\/2020\/10\/Youngblood.mp3<\/a><\/audio>\n<p style=\"text-align: center;\"><img decoding=\"async\" class=\"alignnone size-medium wp-image-14496\" src=\"https:\/\/www.geoperito.com.br\/geoperito\/ead\/wp-content\/uploads\/2023\/08\/fotos-site-5.png\" alt=\"\" width=\"1\" height=\"1\" \/><strong><img loading=\"lazy\" decoding=\"async\" class=\"alignnone size-medium wp-image-14499\" src=\"https:\/\/www.geoperito.com.br\/geoperito\/ead\/wp-content\/uploads\/2023\/08\/fotos-site-2.png\" alt=\"\" width=\"1\" height=\"1\" \/>A fun\u00e7\u00e3o da educa\u00e7\u00e3o \u00e9 ensinar a pessoa a pensar intensamente e a pensar criticamente. Intelig\u00eancia mais car\u00e1ter \u2014 esse \u00e9 o objetivo da verdadeira educa\u00e7\u00e3o.<\/strong><br data-start=\"156\" data-end=\"159\" \/><strong><span class=\"hover:entity-accent entity-underline inline cursor-pointer align-baseline\"><span class=\"whitespace-normal\">Martin Luther King Jr.<\/span><\/span><\/strong><\/p>\n<p>\u00a0<\/p>\n<p><!-- \/wp:paragraph --><\/p>\t\t\t\t\t\t\t\t<\/div>\n\t\t\t\t<\/div>\n\t\t\t\t<div class=\"elementor-element elementor-element-4ef2e14 exad-sticky-section-no exad-glass-effect-no elementor-widget elementor-widget-image\" data-id=\"4ef2e14\" data-element_type=\"widget\" data-e-type=\"widget\" data-widget_type=\"image.default\">\n\t\t\t\t<div class=\"elementor-widget-container\">\n\t\t\t\t\t\t\t\t\t\t\t\t\t\t\t<img decoding=\"async\" src=\"https:\/\/www.geoperito.com.br\/geoperito\/ead\/wp-content\/uploads\/2019\/02\/Design-sem-nome-1.gif\" title=\"\" alt=\"\" loading=\"lazy\" \/>\t\t\t\t\t\t\t\t\t\t\t\t\t\t\t<\/div>\n\t\t\t\t<\/div>\n\t\t\t\t\t<\/div>\n\t\t<\/div>\n\t\t\t\t\t<\/div>\n\t\t<\/section>\n\t\t\t\t<\/div>\n\t\t","protected":false},"excerpt":{"rendered":"<p>Os espelhos s\u00e3o usados para ver o rosto; a arte para ver a alma.<\/p>\n<p>                                                          George Bernard Shaw<\/p>\n","protected":false},"author":1,"featured_media":19004,"comment_status":"closed","ping_status":"closed","sticky":true,"template":"","format":"standard","meta":{"footnotes":""},"categories":[1],"tags":[],"class_list":["post-1","post","type-post","status-publish","format-standard","has-post-thumbnail","hentry","category-cursos-de-pericia-ambiental"],"_links":{"self":[{"href":"https:\/\/www.geoperito.com.br\/geoperito\/ead\/wp-json\/wp\/v2\/posts\/1","targetHints":{"allow":["GET"]}}],"collection":[{"href":"https:\/\/www.geoperito.com.br\/geoperito\/ead\/wp-json\/wp\/v2\/posts"}],"about":[{"href":"https:\/\/www.geoperito.com.br\/geoperito\/ead\/wp-json\/wp\/v2\/types\/post"}],"author":[{"embeddable":true,"href":"https:\/\/www.geoperito.com.br\/geoperito\/ead\/wp-json\/wp\/v2\/users\/1"}],"replies":[{"embeddable":true,"href":"https:\/\/www.geoperito.com.br\/geoperito\/ead\/wp-json\/wp\/v2\/comments?post=1"}],"version-history":[{"count":57,"href":"https:\/\/www.geoperito.com.br\/geoperito\/ead\/wp-json\/wp\/v2\/posts\/1\/revisions"}],"predecessor-version":[{"id":20153,"href":"https:\/\/www.geoperito.com.br\/geoperito\/ead\/wp-json\/wp\/v2\/posts\/1\/revisions\/20153"}],"wp:featuredmedia":[{"embeddable":true,"href":"https:\/\/www.geoperito.com.br\/geoperito\/ead\/wp-json\/wp\/v2\/media\/19004"}],"wp:attachment":[{"href":"https:\/\/www.geoperito.com.br\/geoperito\/ead\/wp-json\/wp\/v2\/media?parent=1"}],"wp:term":[{"taxonomy":"category","embeddable":true,"href":"https:\/\/www.geoperito.com.br\/geoperito\/ead\/wp-json\/wp\/v2\/categories?post=1"},{"taxonomy":"post_tag","embeddable":true,"href":"https:\/\/www.geoperito.com.br\/geoperito\/ead\/wp-json\/wp\/v2\/tags?post=1"}],"curies":[{"name":"wp","href":"https:\/\/api.w.org\/{rel}","templated":true}]}}